{"id":4979,"date":"2021-03-18T13:25:00","date_gmt":"2021-03-18T12:25:00","guid":{"rendered":"https:\/\/www.vvud.cz\/?p=4979"},"modified":"2022-04-26T13:28:30","modified_gmt":"2022-04-26T11:28:30","slug":"research-on-airtightness-of-wooden-buildings-published","status":"publish","type":"post","link":"https:\/\/www.vvud.cz\/en\/research-on-airtightness-of-wooden-buildings-published\/","title":{"rendered":"Research on airtightness of wooden buildings published"},"content":{"rendered":"\n<p>For several years, the Timber Research Institute, together with experts from the CTU and \u010cZU, has been collecting and evaluating data from measurements of the airtightness of buildings. This unique statistical data set was compiled, analysed and published in the prestigious scientific journal Building and Environment, issue 194. The use of the Blower door diagnostic method, which the Timber Research Institute carries out in an accredited mode, has been shown to contribute significantly to improving the performance of timber buildings. Therefore, one of the indirect results of the research is the confirmation of the well-known truth that prevention (using scientific knowledge) is better than subsequent complex and costly repair.<\/p>\n\n\n\n<p>Reference to the article in the <a href=\"https:\/\/www.journals.elsevier.com\/building-and-environment\" data-type=\"URL\" data-id=\"https:\/\/www.journals.elsevier.com\/building-and-environment\" target=\"_blank\" rel=\"noreferrer noopener\">publication Building and Environment<\/a> (ENG):<\/p>\n\n\n\n<p>Factors influencing envelope airtightness of lightweight timber-frame houses built in the Czech Republic in the period of 2006-2019: <a href=\"https:\/\/authors.elsevier.com\/a\/1cceM1HudN4BuQ\">https:\/\/authors.elsevier.com\/a\/1cceM1HudN4BuQ<\/a><\/p>\n\n\n\n<p>This research was supported by the Grant Agency of the Faculty of Civil Engineering, CTU in Prague (projects SGS19\/143\/OHK1\/3T\/11 and SGS20\/153\/OHK1\/3T\/11) and the Grant Agency of the Timber Research and Development Institute in Prague (project TIP\/IGA\/1\/2019).<\/p>\n","protected":false},"excerpt":{"rendered":"<p>For several years, the Timber Research Institute, together with experts from the CTU and \u010cZU, has been collecting and evaluating data from measurements of the airtightness of buildings. This unique statistical data set was compiled, analysed and published in the prestigious scientific journal Building and Environment, issue 194. The use of the Blower door diagnostic [&hellip;]<\/p>\n","protected":false},"author":5,"featured_media":4698,"comment_status":"open","ping_status":"open","sticky":false,"template":"","format":"standard","meta":{"footnotes":""},"categories":[36],"tags":[],"class_list":["post-4979","post","type-post","status-publish","format-standard","has-post-thumbnail","hentry","category-aktuality-en"],"yoast_head":"<!-- This site is optimized with the Yoast SEO plugin v27.1.1 - https:\/\/yoast.com\/product\/yoast-seo-wordpress\/ -->\n<title>Research on airtightness of wooden buildings published - VV\u00daD<\/title>\n<meta name=\"robots\" content=\"index, follow, max-snippet:-1, max-image-preview:large, max-video-preview:-1\" \/>\n<link rel=\"canonical\" href=\"https:\/\/www.vvud.cz\/en\/research-on-airtightness-of-wooden-buildings-published\/\" \/>\n<meta property=\"og:locale\" content=\"en_US\" \/>\n<meta property=\"og:type\" content=\"article\" \/>\n<meta property=\"og:title\" content=\"Research on airtightness of wooden buildings published - VV\u00daD\" \/>\n<meta property=\"og:description\" content=\"For several years, the Timber Research Institute, together with experts from the CTU and \u010cZU, has been collecting and evaluating data from measurements of the airtightness of buildings. This unique statistical data set was compiled, analysed and published in the prestigious scientific journal Building and Environment, issue 194. The use of the Blower door diagnostic [&hellip;]\" \/>\n<meta property=\"og:url\" content=\"https:\/\/www.vvud.cz\/en\/research-on-airtightness-of-wooden-buildings-published\/\" \/>\n<meta property=\"og:site_name\" content=\"VV\u00daD\" \/>\n<meta property=\"article:published_time\" content=\"2021-03-18T12:25:00+00:00\" \/>\n<meta property=\"article:modified_time\" content=\"2022-04-26T11:28:30+00:00\" \/>\n<meta property=\"og:image\" content=\"https:\/\/www.vvud.cz\/wp-content\/uploads\/2021\/03\/BD-titulka.jpg\" \/>\n\t<meta property=\"og:image:width\" content=\"194\" \/>\n\t<meta property=\"og:image:height\" content=\"260\" \/>\n\t<meta property=\"og:image:type\" content=\"image\/jpeg\" \/>\n<meta name=\"author\" content=\"Ivana Ducho\u0148ov\u00e1\" \/>\n<meta name=\"twitter:card\" content=\"summary_large_image\" \/>\n<meta name=\"twitter:label1\" content=\"Written by\" \/>\n\t<meta name=\"twitter:data1\" content=\"Ivana Ducho\u0148ov\u00e1\" \/>\n\t<meta name=\"twitter:label2\" content=\"Est. reading time\" \/>\n\t<meta name=\"twitter:data2\" content=\"1 minute\" \/>\n<script type=\"application\/ld+json\" class=\"yoast-schema-graph\">{\"@context\":\"https:\/\/schema.org\",\"@graph\":[{\"@type\":\"Article\",\"@id\":\"https:\/\/www.vvud.cz\/en\/research-on-airtightness-of-wooden-buildings-published\/#article\",\"isPartOf\":{\"@id\":\"https:\/\/www.vvud.cz\/en\/research-on-airtightness-of-wooden-buildings-published\/\"},\"author\":{\"name\":\"Ivana Ducho\u0148ov\u00e1\",\"@id\":\"https:\/\/www.vvud.cz\/#\/schema\/person\/080153d782e5dda60eec4f35ccf83221\"},\"headline\":\"Research on airtightness of wooden buildings published\",\"datePublished\":\"2021-03-18T12:25:00+00:00\",\"dateModified\":\"2022-04-26T11:28:30+00:00\",\"mainEntityOfPage\":{\"@id\":\"https:\/\/www.vvud.cz\/en\/research-on-airtightness-of-wooden-buildings-published\/\"},\"wordCount\":193,\"commentCount\":0,\"image\":{\"@id\":\"https:\/\/www.vvud.cz\/en\/research-on-airtightness-of-wooden-buildings-published\/#primaryimage\"},\"thumbnailUrl\":\"https:\/\/www.vvud.cz\/wp-content\/uploads\/2021\/03\/BD-titulka.jpg\",\"articleSection\":[\"News\"],\"inLanguage\":\"en-US\",\"potentialAction\":[{\"@type\":\"CommentAction\",\"name\":\"Comment\",\"target\":[\"https:\/\/www.vvud.cz\/en\/research-on-airtightness-of-wooden-buildings-published\/#respond\"]}]},{\"@type\":\"WebPage\",\"@id\":\"https:\/\/www.vvud.cz\/en\/research-on-airtightness-of-wooden-buildings-published\/\",\"url\":\"https:\/\/www.vvud.cz\/en\/research-on-airtightness-of-wooden-buildings-published\/\",\"name\":\"Research on airtightness of wooden buildings published - VV\u00daD\",\"isPartOf\":{\"@id\":\"https:\/\/www.vvud.cz\/#website\"},\"primaryImageOfPage\":{\"@id\":\"https:\/\/www.vvud.cz\/en\/research-on-airtightness-of-wooden-buildings-published\/#primaryimage\"},\"image\":{\"@id\":\"https:\/\/www.vvud.cz\/en\/research-on-airtightness-of-wooden-buildings-published\/#primaryimage\"},\"thumbnailUrl\":\"https:\/\/www.vvud.cz\/wp-content\/uploads\/2021\/03\/BD-titulka.jpg\",\"datePublished\":\"2021-03-18T12:25:00+00:00\",\"dateModified\":\"2022-04-26T11:28:30+00:00\",\"author\":{\"@id\":\"https:\/\/www.vvud.cz\/#\/schema\/person\/080153d782e5dda60eec4f35ccf83221\"},\"breadcrumb\":{\"@id\":\"https:\/\/www.vvud.cz\/en\/research-on-airtightness-of-wooden-buildings-published\/#breadcrumb\"},\"inLanguage\":\"en-US\",\"potentialAction\":[{\"@type\":\"ReadAction\",\"target\":[\"https:\/\/www.vvud.cz\/en\/research-on-airtightness-of-wooden-buildings-published\/\"]}]},{\"@type\":\"ImageObject\",\"inLanguage\":\"en-US\",\"@id\":\"https:\/\/www.vvud.cz\/en\/research-on-airtightness-of-wooden-buildings-published\/#primaryimage\",\"url\":\"https:\/\/www.vvud.cz\/wp-content\/uploads\/2021\/03\/BD-titulka.jpg\",\"contentUrl\":\"https:\/\/www.vvud.cz\/wp-content\/uploads\/2021\/03\/BD-titulka.jpg\",\"width\":194,\"height\":260},{\"@type\":\"BreadcrumbList\",\"@id\":\"https:\/\/www.vvud.cz\/en\/research-on-airtightness-of-wooden-buildings-published\/#breadcrumb\",\"itemListElement\":[{\"@type\":\"ListItem\",\"position\":1,\"name\":\"Dom\u016f\",\"item\":\"https:\/\/www.vvud.cz\/\"},{\"@type\":\"ListItem\",\"position\":2,\"name\":\"Research on airtightness of wooden buildings published\"}]},{\"@type\":\"WebSite\",\"@id\":\"https:\/\/www.vvud.cz\/#website\",\"url\":\"https:\/\/www.vvud.cz\/\",\"name\":\"VV\u00daD\",\"description\":\"V\u00fdzkumn\u00fd a v\u00fdvojov\u00fd \u00fastav d\u0159eva\u0159sk\u00fd, Praha, s. p.\",\"potentialAction\":[{\"@type\":\"SearchAction\",\"target\":{\"@type\":\"EntryPoint\",\"urlTemplate\":\"https:\/\/www.vvud.cz\/?s={search_term_string}\"},\"query-input\":{\"@type\":\"PropertyValueSpecification\",\"valueRequired\":true,\"valueName\":\"search_term_string\"}}],\"inLanguage\":\"en-US\"},{\"@type\":\"Person\",\"@id\":\"https:\/\/www.vvud.cz\/#\/schema\/person\/080153d782e5dda60eec4f35ccf83221\",\"name\":\"Ivana Ducho\u0148ov\u00e1\",\"image\":{\"@type\":\"ImageObject\",\"inLanguage\":\"en-US\",\"@id\":\"https:\/\/www.vvud.cz\/#\/schema\/person\/image\/\",\"url\":\"https:\/\/secure.gravatar.com\/avatar\/8a5cfefaee7b655dc075830973843eeced523c9a676096a2ee901d42a2059554?s=96&d=mm&r=g\",\"contentUrl\":\"https:\/\/secure.gravatar.com\/avatar\/8a5cfefaee7b655dc075830973843eeced523c9a676096a2ee901d42a2059554?s=96&d=mm&r=g\",\"caption\":\"Ivana Ducho\u0148ov\u00e1\"},\"url\":\"https:\/\/www.vvud.cz\/en\/author\/duchonovavvud-cz\/\"}]}<\/script>\n<!-- \/ Yoast SEO plugin. -->","yoast_head_json":{"title":"Research on airtightness of wooden buildings published - VV\u00daD","robots":{"index":"index","follow":"follow","max-snippet":"max-snippet:-1","max-image-preview":"max-image-preview:large","max-video-preview":"max-video-preview:-1"},"canonical":"https:\/\/www.vvud.cz\/en\/research-on-airtightness-of-wooden-buildings-published\/","og_locale":"en_US","og_type":"article","og_title":"Research on airtightness of wooden buildings published - VV\u00daD","og_description":"For several years, the Timber Research Institute, together with experts from the CTU and \u010cZU, has been collecting and evaluating data from measurements of the airtightness of buildings. This unique statistical data set was compiled, analysed and published in the prestigious scientific journal Building and Environment, issue 194. The use of the Blower door diagnostic [&hellip;]","og_url":"https:\/\/www.vvud.cz\/en\/research-on-airtightness-of-wooden-buildings-published\/","og_site_name":"VV\u00daD","article_published_time":"2021-03-18T12:25:00+00:00","article_modified_time":"2022-04-26T11:28:30+00:00","og_image":[{"width":194,"height":260,"url":"https:\/\/www.vvud.cz\/wp-content\/uploads\/2021\/03\/BD-titulka.jpg","type":"image\/jpeg"}],"author":"Ivana Ducho\u0148ov\u00e1","twitter_card":"summary_large_image","twitter_misc":{"Written by":"Ivana Ducho\u0148ov\u00e1","Est. reading time":"1 minute"},"schema":{"@context":"https:\/\/schema.org","@graph":[{"@type":"Article","@id":"https:\/\/www.vvud.cz\/en\/research-on-airtightness-of-wooden-buildings-published\/#article","isPartOf":{"@id":"https:\/\/www.vvud.cz\/en\/research-on-airtightness-of-wooden-buildings-published\/"},"author":{"name":"Ivana Ducho\u0148ov\u00e1","@id":"https:\/\/www.vvud.cz\/#\/schema\/person\/080153d782e5dda60eec4f35ccf83221"},"headline":"Research on airtightness of wooden buildings published","datePublished":"2021-03-18T12:25:00+00:00","dateModified":"2022-04-26T11:28:30+00:00","mainEntityOfPage":{"@id":"https:\/\/www.vvud.cz\/en\/research-on-airtightness-of-wooden-buildings-published\/"},"wordCount":193,"commentCount":0,"image":{"@id":"https:\/\/www.vvud.cz\/en\/research-on-airtightness-of-wooden-buildings-published\/#primaryimage"},"thumbnailUrl":"https:\/\/www.vvud.cz\/wp-content\/uploads\/2021\/03\/BD-titulka.jpg","articleSection":["News"],"inLanguage":"en-US","potentialAction":[{"@type":"CommentAction","name":"Comment","target":["https:\/\/www.vvud.cz\/en\/research-on-airtightness-of-wooden-buildings-published\/#respond"]}]},{"@type":"WebPage","@id":"https:\/\/www.vvud.cz\/en\/research-on-airtightness-of-wooden-buildings-published\/","url":"https:\/\/www.vvud.cz\/en\/research-on-airtightness-of-wooden-buildings-published\/","name":"Research on airtightness of wooden buildings published - VV\u00daD","isPartOf":{"@id":"https:\/\/www.vvud.cz\/#website"},"primaryImageOfPage":{"@id":"https:\/\/www.vvud.cz\/en\/research-on-airtightness-of-wooden-buildings-published\/#primaryimage"},"image":{"@id":"https:\/\/www.vvud.cz\/en\/research-on-airtightness-of-wooden-buildings-published\/#primaryimage"},"thumbnailUrl":"https:\/\/www.vvud.cz\/wp-content\/uploads\/2021\/03\/BD-titulka.jpg","datePublished":"2021-03-18T12:25:00+00:00","dateModified":"2022-04-26T11:28:30+00:00","author":{"@id":"https:\/\/www.vvud.cz\/#\/schema\/person\/080153d782e5dda60eec4f35ccf83221"},"breadcrumb":{"@id":"https:\/\/www.vvud.cz\/en\/research-on-airtightness-of-wooden-buildings-published\/#breadcrumb"},"inLanguage":"en-US","potentialAction":[{"@type":"ReadAction","target":["https:\/\/www.vvud.cz\/en\/research-on-airtightness-of-wooden-buildings-published\/"]}]},{"@type":"ImageObject","inLanguage":"en-US","@id":"https:\/\/www.vvud.cz\/en\/research-on-airtightness-of-wooden-buildings-published\/#primaryimage","url":"https:\/\/www.vvud.cz\/wp-content\/uploads\/2021\/03\/BD-titulka.jpg","contentUrl":"https:\/\/www.vvud.cz\/wp-content\/uploads\/2021\/03\/BD-titulka.jpg","width":194,"height":260},{"@type":"BreadcrumbList","@id":"https:\/\/www.vvud.cz\/en\/research-on-airtightness-of-wooden-buildings-published\/#breadcrumb","itemListElement":[{"@type":"ListItem","position":1,"name":"Dom\u016f","item":"https:\/\/www.vvud.cz\/"},{"@type":"ListItem","position":2,"name":"Research on airtightness of wooden buildings published"}]},{"@type":"WebSite","@id":"https:\/\/www.vvud.cz\/#website","url":"https:\/\/www.vvud.cz\/","name":"VV\u00daD","description":"V\u00fdzkumn\u00fd a v\u00fdvojov\u00fd \u00fastav d\u0159eva\u0159sk\u00fd, Praha, s. p.","potentialAction":[{"@type":"SearchAction","target":{"@type":"EntryPoint","urlTemplate":"https:\/\/www.vvud.cz\/?s={search_term_string}"},"query-input":{"@type":"PropertyValueSpecification","valueRequired":true,"valueName":"search_term_string"}}],"inLanguage":"en-US"},{"@type":"Person","@id":"https:\/\/www.vvud.cz\/#\/schema\/person\/080153d782e5dda60eec4f35ccf83221","name":"Ivana Ducho\u0148ov\u00e1","image":{"@type":"ImageObject","inLanguage":"en-US","@id":"https:\/\/www.vvud.cz\/#\/schema\/person\/image\/","url":"https:\/\/secure.gravatar.com\/avatar\/8a5cfefaee7b655dc075830973843eeced523c9a676096a2ee901d42a2059554?s=96&d=mm&r=g","contentUrl":"https:\/\/secure.gravatar.com\/avatar\/8a5cfefaee7b655dc075830973843eeced523c9a676096a2ee901d42a2059554?s=96&d=mm&r=g","caption":"Ivana Ducho\u0148ov\u00e1"},"url":"https:\/\/www.vvud.cz\/en\/author\/duchonovavvud-cz\/"}]}},"_links":{"self":[{"href":"https:\/\/www.vvud.cz\/en\/wp-json\/wp\/v2\/posts\/4979","targetHints":{"allow":["GET"]}}],"collection":[{"href":"https:\/\/www.vvud.cz\/en\/wp-json\/wp\/v2\/posts"}],"about":[{"href":"https:\/\/www.vvud.cz\/en\/wp-json\/wp\/v2\/types\/post"}],"author":[{"embeddable":true,"href":"https:\/\/www.vvud.cz\/en\/wp-json\/wp\/v2\/users\/5"}],"replies":[{"embeddable":true,"href":"https:\/\/www.vvud.cz\/en\/wp-json\/wp\/v2\/comments?post=4979"}],"version-history":[{"count":1,"href":"https:\/\/www.vvud.cz\/en\/wp-json\/wp\/v2\/posts\/4979\/revisions"}],"predecessor-version":[{"id":4980,"href":"https:\/\/www.vvud.cz\/en\/wp-json\/wp\/v2\/posts\/4979\/revisions\/4980"}],"wp:featuredmedia":[{"embeddable":true,"href":"https:\/\/www.vvud.cz\/en\/wp-json\/wp\/v2\/media\/4698"}],"wp:attachment":[{"href":"https:\/\/www.vvud.cz\/en\/wp-json\/wp\/v2\/media?parent=4979"}],"wp:term":[{"taxonomy":"category","embeddable":true,"href":"https:\/\/www.vvud.cz\/en\/wp-json\/wp\/v2\/categories?post=4979"},{"taxonomy":"post_tag","embeddable":true,"href":"https:\/\/www.vvud.cz\/en\/wp-json\/wp\/v2\/tags?post=4979"}],"curies":[{"name":"wp","href":"https:\/\/api.w.org\/{rel}","templated":true}]}}