{"id":4989,"date":"2022-01-22T16:23:00","date_gmt":"2022-01-22T15:23:00","guid":{"rendered":"https:\/\/www.vvud.cz\/?p=4989"},"modified":"2022-04-26T16:25:20","modified_gmt":"2022-04-26T14:25:20","slug":"expert-partnership-with-the-for-wood-trade-fair-for-wooden-buildings-3-5-3-2022","status":"publish","type":"post","link":"https:\/\/www.vvud.cz\/en\/expert-partnership-with-the-for-wood-trade-fair-for-wooden-buildings-3-5-3-2022\/","title":{"rendered":"Expert partnership with the For Wood trade fair for wooden buildings, 3.-5.3. 2022"},"content":{"rendered":"\n<p>The Timber Research Institute is an expert partner of the 14th trade fair for wooden buildings, structures and materials For Wood, 3-5 March 2022. The trade fair will take place in the PVA Let\u0148any in Prague. Our technicians will give a lecture on &#8220;The road to perfect wooden construction&#8221; on Friday, March 4, from 16:45 in Hall 2D, Lecture Hall 5.<\/p>\n\n\n\n<p>For more information, visit the organizer&#8217;s website: <a href=\"https:\/\/for-wood.cz\/.\" target=\"_blank\" rel=\"noreferrer noopener\">https:\/\/for-wood.cz\/.<\/a><\/p>\n","protected":false},"excerpt":{"rendered":"<p>The Timber Research Institute is an expert partner of the 14th trade fair for wooden buildings, structures and materials For Wood, 3-5 March 2022. The trade fair will take place in the PVA Let\u0148any in Prague. Our technicians will give a lecture on &#8220;The road to perfect wooden construction&#8221; on Friday, March 4, from 16:45 [&hellip;]<\/p>\n","protected":false},"author":5,"featured_media":4842,"comment_status":"open","ping_status":"open","sticky":false,"template":"","format":"standard","meta":{"footnotes":""},"categories":[36],"tags":[],"class_list":["post-4989","post","type-post","status-publish","format-standard","has-post-thumbnail","hentry","category-aktuality-en"],"yoast_head":"<!-- This site is optimized with the Yoast SEO plugin v27.1.1 - https:\/\/yoast.com\/product\/yoast-seo-wordpress\/ -->\n<title>Expert partnership with the For Wood trade fair for wooden buildings, 3.-5.3. 2022 - VV\u00daD<\/title>\n<meta name=\"robots\" content=\"index, follow, max-snippet:-1, max-image-preview:large, max-video-preview:-1\" \/>\n<link rel=\"canonical\" href=\"https:\/\/www.vvud.cz\/en\/expert-partnership-with-the-for-wood-trade-fair-for-wooden-buildings-3-5-3-2022\/\" \/>\n<meta property=\"og:locale\" content=\"en_US\" \/>\n<meta property=\"og:type\" content=\"article\" \/>\n<meta property=\"og:title\" content=\"Expert partnership with the For Wood trade fair for wooden buildings, 3.-5.3. 2022 - VV\u00daD\" \/>\n<meta property=\"og:description\" content=\"The Timber Research Institute is an expert partner of the 14th trade fair for wooden buildings, structures and materials For Wood, 3-5 March 2022. The trade fair will take place in the PVA Let\u0148any in Prague. Our technicians will give a lecture on &#8220;The road to perfect wooden construction&#8221; on Friday, March 4, from 16:45 [&hellip;]\" \/>\n<meta property=\"og:url\" content=\"https:\/\/www.vvud.cz\/en\/expert-partnership-with-the-for-wood-trade-fair-for-wooden-buildings-3-5-3-2022\/\" \/>\n<meta property=\"og:site_name\" content=\"VV\u00daD\" \/>\n<meta property=\"article:published_time\" content=\"2022-01-22T15:23:00+00:00\" \/>\n<meta property=\"article:modified_time\" content=\"2022-04-26T14:25:20+00:00\" \/>\n<meta property=\"og:image\" content=\"https:\/\/www.vvud.cz\/wp-content\/uploads\/2022\/01\/for_wood_2022_468_x_60.jpg\" \/>\n\t<meta property=\"og:image:width\" content=\"468\" \/>\n\t<meta property=\"og:image:height\" content=\"60\" \/>\n\t<meta property=\"og:image:type\" content=\"image\/jpeg\" \/>\n<meta name=\"author\" content=\"Ivana Ducho\u0148ov\u00e1\" \/>\n<meta name=\"twitter:card\" content=\"summary_large_image\" \/>\n<meta name=\"twitter:label1\" content=\"Written by\" \/>\n\t<meta name=\"twitter:data1\" content=\"Ivana Ducho\u0148ov\u00e1\" \/>\n<script type=\"application\/ld+json\" class=\"yoast-schema-graph\">{\"@context\":\"https:\/\/schema.org\",\"@graph\":[{\"@type\":\"Article\",\"@id\":\"https:\/\/www.vvud.cz\/en\/expert-partnership-with-the-for-wood-trade-fair-for-wooden-buildings-3-5-3-2022\/#article\",\"isPartOf\":{\"@id\":\"https:\/\/www.vvud.cz\/en\/expert-partnership-with-the-for-wood-trade-fair-for-wooden-buildings-3-5-3-2022\/\"},\"author\":{\"name\":\"Ivana Ducho\u0148ov\u00e1\",\"@id\":\"https:\/\/www.vvud.cz\/#\/schema\/person\/080153d782e5dda60eec4f35ccf83221\"},\"headline\":\"Expert partnership with the For Wood trade fair for wooden buildings, 3.-5.3. 2022\",\"datePublished\":\"2022-01-22T15:23:00+00:00\",\"dateModified\":\"2022-04-26T14:25:20+00:00\",\"mainEntityOfPage\":{\"@id\":\"https:\/\/www.vvud.cz\/en\/expert-partnership-with-the-for-wood-trade-fair-for-wooden-buildings-3-5-3-2022\/\"},\"wordCount\":81,\"commentCount\":0,\"image\":{\"@id\":\"https:\/\/www.vvud.cz\/en\/expert-partnership-with-the-for-wood-trade-fair-for-wooden-buildings-3-5-3-2022\/#primaryimage\"},\"thumbnailUrl\":\"https:\/\/www.vvud.cz\/wp-content\/uploads\/2022\/01\/for_wood_2022_468_x_60.jpg\",\"articleSection\":[\"News\"],\"inLanguage\":\"en-US\",\"potentialAction\":[{\"@type\":\"CommentAction\",\"name\":\"Comment\",\"target\":[\"https:\/\/www.vvud.cz\/en\/expert-partnership-with-the-for-wood-trade-fair-for-wooden-buildings-3-5-3-2022\/#respond\"]}]},{\"@type\":\"WebPage\",\"@id\":\"https:\/\/www.vvud.cz\/en\/expert-partnership-with-the-for-wood-trade-fair-for-wooden-buildings-3-5-3-2022\/\",\"url\":\"https:\/\/www.vvud.cz\/en\/expert-partnership-with-the-for-wood-trade-fair-for-wooden-buildings-3-5-3-2022\/\",\"name\":\"Expert partnership with the For Wood trade fair for wooden buildings, 3.-5.3. 2022 - VV\u00daD\",\"isPartOf\":{\"@id\":\"https:\/\/www.vvud.cz\/#website\"},\"primaryImageOfPage\":{\"@id\":\"https:\/\/www.vvud.cz\/en\/expert-partnership-with-the-for-wood-trade-fair-for-wooden-buildings-3-5-3-2022\/#primaryimage\"},\"image\":{\"@id\":\"https:\/\/www.vvud.cz\/en\/expert-partnership-with-the-for-wood-trade-fair-for-wooden-buildings-3-5-3-2022\/#primaryimage\"},\"thumbnailUrl\":\"https:\/\/www.vvud.cz\/wp-content\/uploads\/2022\/01\/for_wood_2022_468_x_60.jpg\",\"datePublished\":\"2022-01-22T15:23:00+00:00\",\"dateModified\":\"2022-04-26T14:25:20+00:00\",\"author\":{\"@id\":\"https:\/\/www.vvud.cz\/#\/schema\/person\/080153d782e5dda60eec4f35ccf83221\"},\"breadcrumb\":{\"@id\":\"https:\/\/www.vvud.cz\/en\/expert-partnership-with-the-for-wood-trade-fair-for-wooden-buildings-3-5-3-2022\/#breadcrumb\"},\"inLanguage\":\"en-US\",\"potentialAction\":[{\"@type\":\"ReadAction\",\"target\":[\"https:\/\/www.vvud.cz\/en\/expert-partnership-with-the-for-wood-trade-fair-for-wooden-buildings-3-5-3-2022\/\"]}]},{\"@type\":\"ImageObject\",\"inLanguage\":\"en-US\",\"@id\":\"https:\/\/www.vvud.cz\/en\/expert-partnership-with-the-for-wood-trade-fair-for-wooden-buildings-3-5-3-2022\/#primaryimage\",\"url\":\"https:\/\/www.vvud.cz\/wp-content\/uploads\/2022\/01\/for_wood_2022_468_x_60.jpg\",\"contentUrl\":\"https:\/\/www.vvud.cz\/wp-content\/uploads\/2022\/01\/for_wood_2022_468_x_60.jpg\",\"width\":468,\"height\":60},{\"@type\":\"BreadcrumbList\",\"@id\":\"https:\/\/www.vvud.cz\/en\/expert-partnership-with-the-for-wood-trade-fair-for-wooden-buildings-3-5-3-2022\/#breadcrumb\",\"itemListElement\":[{\"@type\":\"ListItem\",\"position\":1,\"name\":\"Dom\u016f\",\"item\":\"https:\/\/www.vvud.cz\/\"},{\"@type\":\"ListItem\",\"position\":2,\"name\":\"Expert partnership with the For Wood trade fair for wooden buildings, 3.-5.3. 2022\"}]},{\"@type\":\"WebSite\",\"@id\":\"https:\/\/www.vvud.cz\/#website\",\"url\":\"https:\/\/www.vvud.cz\/\",\"name\":\"VV\u00daD\",\"description\":\"V\u00fdzkumn\u00fd a v\u00fdvojov\u00fd \u00fastav d\u0159eva\u0159sk\u00fd, Praha, s. p.\",\"potentialAction\":[{\"@type\":\"SearchAction\",\"target\":{\"@type\":\"EntryPoint\",\"urlTemplate\":\"https:\/\/www.vvud.cz\/?s={search_term_string}\"},\"query-input\":{\"@type\":\"PropertyValueSpecification\",\"valueRequired\":true,\"valueName\":\"search_term_string\"}}],\"inLanguage\":\"en-US\"},{\"@type\":\"Person\",\"@id\":\"https:\/\/www.vvud.cz\/#\/schema\/person\/080153d782e5dda60eec4f35ccf83221\",\"name\":\"Ivana Ducho\u0148ov\u00e1\",\"image\":{\"@type\":\"ImageObject\",\"inLanguage\":\"en-US\",\"@id\":\"https:\/\/www.vvud.cz\/#\/schema\/person\/image\/\",\"url\":\"https:\/\/secure.gravatar.com\/avatar\/8a5cfefaee7b655dc075830973843eeced523c9a676096a2ee901d42a2059554?s=96&d=mm&r=g\",\"contentUrl\":\"https:\/\/secure.gravatar.com\/avatar\/8a5cfefaee7b655dc075830973843eeced523c9a676096a2ee901d42a2059554?s=96&d=mm&r=g\",\"caption\":\"Ivana Ducho\u0148ov\u00e1\"},\"url\":\"https:\/\/www.vvud.cz\/en\/author\/duchonovavvud-cz\/\"}]}<\/script>\n<!-- \/ Yoast SEO plugin. -->","yoast_head_json":{"title":"Expert partnership with the For Wood trade fair for wooden buildings, 3.-5.3. 2022 - VV\u00daD","robots":{"index":"index","follow":"follow","max-snippet":"max-snippet:-1","max-image-preview":"max-image-preview:large","max-video-preview":"max-video-preview:-1"},"canonical":"https:\/\/www.vvud.cz\/en\/expert-partnership-with-the-for-wood-trade-fair-for-wooden-buildings-3-5-3-2022\/","og_locale":"en_US","og_type":"article","og_title":"Expert partnership with the For Wood trade fair for wooden buildings, 3.-5.3. 2022 - VV\u00daD","og_description":"The Timber Research Institute is an expert partner of the 14th trade fair for wooden buildings, structures and materials For Wood, 3-5 March 2022. The trade fair will take place in the PVA Let\u0148any in Prague. Our technicians will give a lecture on &#8220;The road to perfect wooden construction&#8221; on Friday, March 4, from 16:45 [&hellip;]","og_url":"https:\/\/www.vvud.cz\/en\/expert-partnership-with-the-for-wood-trade-fair-for-wooden-buildings-3-5-3-2022\/","og_site_name":"VV\u00daD","article_published_time":"2022-01-22T15:23:00+00:00","article_modified_time":"2022-04-26T14:25:20+00:00","og_image":[{"width":468,"height":60,"url":"https:\/\/www.vvud.cz\/wp-content\/uploads\/2022\/01\/for_wood_2022_468_x_60.jpg","type":"image\/jpeg"}],"author":"Ivana Ducho\u0148ov\u00e1","twitter_card":"summary_large_image","twitter_misc":{"Written by":"Ivana Ducho\u0148ov\u00e1"},"schema":{"@context":"https:\/\/schema.org","@graph":[{"@type":"Article","@id":"https:\/\/www.vvud.cz\/en\/expert-partnership-with-the-for-wood-trade-fair-for-wooden-buildings-3-5-3-2022\/#article","isPartOf":{"@id":"https:\/\/www.vvud.cz\/en\/expert-partnership-with-the-for-wood-trade-fair-for-wooden-buildings-3-5-3-2022\/"},"author":{"name":"Ivana Ducho\u0148ov\u00e1","@id":"https:\/\/www.vvud.cz\/#\/schema\/person\/080153d782e5dda60eec4f35ccf83221"},"headline":"Expert partnership with the For Wood trade fair for wooden buildings, 3.-5.3. 2022","datePublished":"2022-01-22T15:23:00+00:00","dateModified":"2022-04-26T14:25:20+00:00","mainEntityOfPage":{"@id":"https:\/\/www.vvud.cz\/en\/expert-partnership-with-the-for-wood-trade-fair-for-wooden-buildings-3-5-3-2022\/"},"wordCount":81,"commentCount":0,"image":{"@id":"https:\/\/www.vvud.cz\/en\/expert-partnership-with-the-for-wood-trade-fair-for-wooden-buildings-3-5-3-2022\/#primaryimage"},"thumbnailUrl":"https:\/\/www.vvud.cz\/wp-content\/uploads\/2022\/01\/for_wood_2022_468_x_60.jpg","articleSection":["News"],"inLanguage":"en-US","potentialAction":[{"@type":"CommentAction","name":"Comment","target":["https:\/\/www.vvud.cz\/en\/expert-partnership-with-the-for-wood-trade-fair-for-wooden-buildings-3-5-3-2022\/#respond"]}]},{"@type":"WebPage","@id":"https:\/\/www.vvud.cz\/en\/expert-partnership-with-the-for-wood-trade-fair-for-wooden-buildings-3-5-3-2022\/","url":"https:\/\/www.vvud.cz\/en\/expert-partnership-with-the-for-wood-trade-fair-for-wooden-buildings-3-5-3-2022\/","name":"Expert partnership with the For Wood trade fair for wooden buildings, 3.-5.3. 2022 - VV\u00daD","isPartOf":{"@id":"https:\/\/www.vvud.cz\/#website"},"primaryImageOfPage":{"@id":"https:\/\/www.vvud.cz\/en\/expert-partnership-with-the-for-wood-trade-fair-for-wooden-buildings-3-5-3-2022\/#primaryimage"},"image":{"@id":"https:\/\/www.vvud.cz\/en\/expert-partnership-with-the-for-wood-trade-fair-for-wooden-buildings-3-5-3-2022\/#primaryimage"},"thumbnailUrl":"https:\/\/www.vvud.cz\/wp-content\/uploads\/2022\/01\/for_wood_2022_468_x_60.jpg","datePublished":"2022-01-22T15:23:00+00:00","dateModified":"2022-04-26T14:25:20+00:00","author":{"@id":"https:\/\/www.vvud.cz\/#\/schema\/person\/080153d782e5dda60eec4f35ccf83221"},"breadcrumb":{"@id":"https:\/\/www.vvud.cz\/en\/expert-partnership-with-the-for-wood-trade-fair-for-wooden-buildings-3-5-3-2022\/#breadcrumb"},"inLanguage":"en-US","potentialAction":[{"@type":"ReadAction","target":["https:\/\/www.vvud.cz\/en\/expert-partnership-with-the-for-wood-trade-fair-for-wooden-buildings-3-5-3-2022\/"]}]},{"@type":"ImageObject","inLanguage":"en-US","@id":"https:\/\/www.vvud.cz\/en\/expert-partnership-with-the-for-wood-trade-fair-for-wooden-buildings-3-5-3-2022\/#primaryimage","url":"https:\/\/www.vvud.cz\/wp-content\/uploads\/2022\/01\/for_wood_2022_468_x_60.jpg","contentUrl":"https:\/\/www.vvud.cz\/wp-content\/uploads\/2022\/01\/for_wood_2022_468_x_60.jpg","width":468,"height":60},{"@type":"BreadcrumbList","@id":"https:\/\/www.vvud.cz\/en\/expert-partnership-with-the-for-wood-trade-fair-for-wooden-buildings-3-5-3-2022\/#breadcrumb","itemListElement":[{"@type":"ListItem","position":1,"name":"Dom\u016f","item":"https:\/\/www.vvud.cz\/"},{"@type":"ListItem","position":2,"name":"Expert partnership with the For Wood trade fair for wooden buildings, 3.-5.3. 2022"}]},{"@type":"WebSite","@id":"https:\/\/www.vvud.cz\/#website","url":"https:\/\/www.vvud.cz\/","name":"VV\u00daD","description":"V\u00fdzkumn\u00fd a v\u00fdvojov\u00fd \u00fastav d\u0159eva\u0159sk\u00fd, Praha, s. p.","potentialAction":[{"@type":"SearchAction","target":{"@type":"EntryPoint","urlTemplate":"https:\/\/www.vvud.cz\/?s={search_term_string}"},"query-input":{"@type":"PropertyValueSpecification","valueRequired":true,"valueName":"search_term_string"}}],"inLanguage":"en-US"},{"@type":"Person","@id":"https:\/\/www.vvud.cz\/#\/schema\/person\/080153d782e5dda60eec4f35ccf83221","name":"Ivana Ducho\u0148ov\u00e1","image":{"@type":"ImageObject","inLanguage":"en-US","@id":"https:\/\/www.vvud.cz\/#\/schema\/person\/image\/","url":"https:\/\/secure.gravatar.com\/avatar\/8a5cfefaee7b655dc075830973843eeced523c9a676096a2ee901d42a2059554?s=96&d=mm&r=g","contentUrl":"https:\/\/secure.gravatar.com\/avatar\/8a5cfefaee7b655dc075830973843eeced523c9a676096a2ee901d42a2059554?s=96&d=mm&r=g","caption":"Ivana Ducho\u0148ov\u00e1"},"url":"https:\/\/www.vvud.cz\/en\/author\/duchonovavvud-cz\/"}]}},"_links":{"self":[{"href":"https:\/\/www.vvud.cz\/en\/wp-json\/wp\/v2\/posts\/4989","targetHints":{"allow":["GET"]}}],"collection":[{"href":"https:\/\/www.vvud.cz\/en\/wp-json\/wp\/v2\/posts"}],"about":[{"href":"https:\/\/www.vvud.cz\/en\/wp-json\/wp\/v2\/types\/post"}],"author":[{"embeddable":true,"href":"https:\/\/www.vvud.cz\/en\/wp-json\/wp\/v2\/users\/5"}],"replies":[{"embeddable":true,"href":"https:\/\/www.vvud.cz\/en\/wp-json\/wp\/v2\/comments?post=4989"}],"version-history":[{"count":1,"href":"https:\/\/www.vvud.cz\/en\/wp-json\/wp\/v2\/posts\/4989\/revisions"}],"predecessor-version":[{"id":4990,"href":"https:\/\/www.vvud.cz\/en\/wp-json\/wp\/v2\/posts\/4989\/revisions\/4990"}],"wp:featuredmedia":[{"embeddable":true,"href":"https:\/\/www.vvud.cz\/en\/wp-json\/wp\/v2\/media\/4842"}],"wp:attachment":[{"href":"https:\/\/www.vvud.cz\/en\/wp-json\/wp\/v2\/media?parent=4989"}],"wp:term":[{"taxonomy":"category","embeddable":true,"href":"https:\/\/www.vvud.cz\/en\/wp-json\/wp\/v2\/categories?post=4989"},{"taxonomy":"post_tag","embeddable":true,"href":"https:\/\/www.vvud.cz\/en\/wp-json\/wp\/v2\/tags?post=4989"}],"curies":[{"name":"wp","href":"https:\/\/api.w.org\/{rel}","templated":true}]}}